{"id":23101,"date":"2024-05-17T00:01:44","date_gmt":"2024-05-16T22:01:44","guid":{"rendered":"https:\/\/www.falera.net\/?p=23101"},"modified":"2024-05-01T16:18:26","modified_gmt":"2024-05-01T14:18:26","slug":"exposiziun-publica-dal-project-per-la-correcziun-dal-curs-daua-cun-rapport-davart-la-cumpatibilitad-ecologica-rempar-val-da-schluein-vischnancas-da-schluein-da-falera-dad-ilanz-glion-project","status":"publish","type":"post","link":"https:\/\/www.falera.net\/rm\/exposiziun-publica-dal-project-per-la-correcziun-dal-curs-daua-cun-rapport-davart-la-cumpatibilitad-ecologica-rempar-val-da-schluein-vischnancas-da-schluein-da-falera-dad-ilanz-glion-project\/","title":{"rendered":"Exposiziun publica dal project per la correcziun dal curs d&#8217;aua cun rapport davart la cumpatibilitad ecologica &#8211; Rempar Val da Schluein, vischnancas da Schluein, da Falera, dad Ilanz\/Glion &#8211; Project d&#8217;exposiziun nr. 381.1-F dal december 2023"},"content":{"rendered":"<p><strong>1. Lieu e durada da l&#8217;exposiziun<\/strong><br \/>\nLas actas dal project ed il rapport davart la cumpatibilitad ecologica \u00e8n exponids dals 17 da matg 2024 fin ils 17 da zercladur 2024 tar las administraziuns communalas da la vischnanca da Schluein, Administraziun communala, Via Veglia 11, 7151 Schluein, da la vischnanca da Falera, Administraziun communala, Via Principala 45c, 7153 Falera e da la vischnanca dad Ilanz\/Glion, Administraziun communala, Plazza Cumin 9, 7130 Glion, sco er tar l&#8217;Uffizi da construcziun bassa dal Grischun, Lo\u00ebstrasse 14, 7000 Cuira, per l&#8217;invista (art. 11 da la Lescha chantunala davart la correcziun dals curs d&#8217;aua; LCCA, DG 807.700). Durant il temp d&#8217;exposiziun pon ils documents er vegnir consultads e chargiads giu sut www.tiefbauamt.gr.ch &gt; Rumantsch &gt; Actualitads.<\/p>\n<p><strong>2. Dumondas per permissiuns spezialas<\/strong><br \/>\nLas suandantas dumondas fan part dal project d&#8217;exposiziun:<br \/>\n\u2013 dumonda da permissiun per inducir u per laschar sfundrar aua persa smerdada tractada tenor l&#8217;art. 7 al. 1 da la Lescha federala davart la protecziun da las auas;<br \/>\n\u2013 dumonda da permissiun per construir edifizis e stabiliments en secturs da l&#8217;aua sutterrana spezialmain periclitads tenor l&#8217;art. 19 al. 2 da la Lescha federala davart la protecziun da las auas;<br \/>\n\u2013 dumonda da permissiun per rempars e per correcziuns d&#8217;auas currentas en territoris surbajegiads tenor l&#8217;art. 37 al. 3 da la Lescha federala davart la protecziun da las auas;<br \/>\n\u2013 dumonda da permissiun per construir stabiliments ch&#8217;\u00e8n dependents dal lieu e che stattan en l&#8217;interess public en il spazi d&#8217;auas tenor l&#8217;art. 41c al. 1 da l&#8217;Ordinaziun davart la protecziun da las auas;<br \/>\n\u2013 dumonda da permissiun per allontanar la vegetaziun da las rivas tenor l&#8217;art. 22 al. 2 da la Lescha federala davart la protecziun da la natira e da la patria;<br \/>\n\u2013 dumonda da permissiun tenor la legislaziun da pestga per far intervenziuns tecnicas en las auas tenor l&#8217;art. 8 al. 1 da la Lescha federala davart la pestga;<br \/>\n\u2013 dumonda da runcar tenor l&#8217;art. 5 da la Lescha federala davart il guaud;<br \/>\n\u2013 dumonda da permissiun per installar e per manar deponias tenor l&#8217;art. 30e al. 2 da la Lescha federala davart la protecziun da l&#8217;ambient en cumbinaziun cun l&#8217;art. 39 al. 1 e cun l&#8217;art. 40 al. 1 da l&#8217;Ordinaziun da ruments sco er tenor l&#8217;art. 42 al. 1 e l&#8217;art. 43 al. 1 da la Lescha chantunala davart la protecziun da l&#8217;ambient;<br \/>\n\u2013 dumonda d&#8217;approvaziun dals plans tenor l&#8217;art. 6 al. 2 da la Lescha federala davart ils implants d&#8217;accumulaziun.<\/p>\n<p><strong>3. Restricziun dal dretg da disponer<\/strong><br \/>\nA partir dal di che l&#8217;exposiziun \u00e8 vegnida publitgada uffizialmain dovran ils projects da construcziun entaifer il territori ch&#8217;\u00e8 cumpigli\u00e0 dal project ina permissiun dal Departament d&#8217;infrastructura, energia e mobilitad dal Grischun. Questa permissiun vegn concedida, sch&#8217;il project da construcziun n&#8217;ha naginas consequenzas engrevgiantas per acquistar il terren u per realisar il project.<\/p>\n<p><strong>4. Protestas<\/strong><\/p>\n<p><strong>4.1 Legitimaziun<\/strong><br \/>\nTgi ch&#8217;\u00e8 pertutg\u00e0 dal project d&#8217;exposiziun e po far valair in interess degn da protecziun per abolir u per midar quel, ha il dretg da far protesta. Il dretg da far protesta han plinavant las vischnancas pertutgadas e tgi ch&#8217;\u00e8 autoris\u00e0 tras il dretg federal da far quai.<\/p>\n<p><strong>4.2 Objecziuns<\/strong><br \/>\nVegnir fatgas valair pon:<br \/>\na) objecziuns cunter il project d&#8217;exposiziun e cunter las dumondas per ulteriuras permissiuns ch&#8217;\u00e8n colliadas cun quel sco er cunter in&#8217;expropriaziun previsa e cunter sia dimensiun;<br \/>\nb) dumondas d&#8217;indemnisaziun, en spezial pretensiuns per ils dretgs che vegnan fatgs valair ed autras pretensiuns che resultan dal dretg chantunal d&#8217;expropriaziun. Questas dumondas vegnan rectifitgadas suenter l&#8217;approvaziun dal project en la procedura per l&#8217;acquist da terren.<\/p>\n<p><strong>4.3 Termin ed adressat<\/strong><br \/>\nProtestas ston vegnir inoltradas entaifer il temp d&#8217;exposiziun cun ina curta motivaziun al Departament d&#8217;infrastructura, energia e mobilitad dal Grischun, Ringstrasse 10, 7001 Cuira.<br \/>\nSche pretensiuns d&#8217;indemnisaziun vegnan fatgas valair posteriuramain, ston vegnir observadas las consequenzas da la negligientscha tenor l&#8217;art. 17 da l&#8217;Ordinaziun chantunala d&#8217;expropriaziun (OExp; DG 803.110).<\/p>\n<p style=\"text-align: right;\">Departament d&#8217;infrastructura, energia e mobilitad dal Grischun<br \/>\nLa scheffa: Dr. Carmelia Maissen, cussegliera guvernativa<\/p>\n<p>&nbsp;<\/p>\n","protected":false},"excerpt":{"rendered":"<p>1. Lieu e durada da l&#8217;exposiziun Las actas dal project ed il rapport davart la cumpatibilitad ecologica \u00e8n exponids dals 17 da matg 2024 fin ils 17 da zercladur 2024 tar las administraziuns communalas da la vischnanca da Schluein, Administraziun communala, Via Veglia 11, 7151 Schluein, da la vischnanca da Falera, Administraziun communala, Via Principala [&hellip;]<\/p>\n","protected":false},"author":10,"featured_media":9572,"comment_status":"closed","ping_status":"closed","sticky":false,"template":"","format":"standard","meta":{"footnotes":""},"categories":[35],"tags":[],"class_list":["post-23101","post","type-post","status-publish","format-standard","has-post-thumbnail","hentry","category-archiv"],"publishpress_future_action":{"enabled":false,"date":"2026-05-08 03:06:24","action":"category","newStatus":"draft","terms":[],"taxonomy":"category","extraData":[]},"publishpress_future_workflow_manual_trigger":{"enabledWorkflows":[]},"_links":{"self":[{"href":"https:\/\/www.falera.net\/rm\/wp-json\/wp\/v2\/posts\/23101","targetHints":{"allow":["GET"]}}],"collection":[{"href":"https:\/\/www.falera.net\/rm\/wp-json\/wp\/v2\/posts"}],"about":[{"href":"https:\/\/www.falera.net\/rm\/wp-json\/wp\/v2\/types\/post"}],"author":[{"embeddable":true,"href":"https:\/\/www.falera.net\/rm\/wp-json\/wp\/v2\/users\/10"}],"replies":[{"embeddable":true,"href":"https:\/\/www.falera.net\/rm\/wp-json\/wp\/v2\/comments?post=23101"}],"version-history":[{"count":4,"href":"https:\/\/www.falera.net\/rm\/wp-json\/wp\/v2\/posts\/23101\/revisions"}],"predecessor-version":[{"id":23105,"href":"https:\/\/www.falera.net\/rm\/wp-json\/wp\/v2\/posts\/23101\/revisions\/23105"}],"wp:featuredmedia":[{"embeddable":true,"href":"https:\/\/www.falera.net\/rm\/wp-json\/wp\/v2\/media\/9572"}],"wp:attachment":[{"href":"https:\/\/www.falera.net\/rm\/wp-json\/wp\/v2\/media?parent=23101"}],"wp:term":[{"taxonomy":"category","embeddable":true,"href":"https:\/\/www.falera.net\/rm\/wp-json\/wp\/v2\/categories?post=23101"},{"taxonomy":"post_tag","embeddable":true,"href":"https:\/\/www.falera.net\/rm\/wp-json\/wp\/v2\/tags?post=23101"}],"curies":[{"name":"wp","href":"https:\/\/api.w.org\/{rel}","templated":true}]}}